{"id":2418,"date":"2026-02-02T22:38:26","date_gmt":"2026-02-02T22:38:26","guid":{"rendered":"https:\/\/www.lemu.at\/?p=2418"},"modified":"2026-04-21T11:02:57","modified_gmt":"2026-04-21T11:02:57","slug":"ausstellung-untitled-ohne-titel","status":"publish","type":"post","link":"https:\/\/www.lemu.at\/?p=2418","title":{"rendered":"Ausstellung: \u201eUNTITLED | OHNE TITEL\u201c"},"content":{"rendered":"\n<p><strong>11. M\u00e4rz bis 19. April 2026<\/strong> \/<\/p>\n\n\n\n<p>Die Ausstellung in Kooperation mit <strong>N\u00d6DOK \u01c0 ON TOUR <\/strong>geht anhand von Skulpturen, Objektkunst, Fotografie und Zeichnung der Frage nach, ob der\/die Ausstellungsbesucher\/in eines Titels bedarf, um den Inhalt oder die Botschaft eines Kunstwerkes zu erfassen. Manchmal kann der Titel den entscheidenden Impuls geben, um die optimale Stimmung f\u00fcr die Wahrnehmung der Werke zu schaffen. Vor allem in der Reduktion, Abstraktion und Minimalkunst bedarf es oftmals eines z\u00fcndenden Titels, um das Werk zu verstehen. Jedoch k\u00f6nnen Titel ein unmittelbares Erleben von Kunst auch einengen oder manipulieren. So werden in der vorliegenden <strong>Ausstellung \u201eUNTITLED | OHNE TITEL\u201c<\/strong> die Arbeiten nicht benannt. Dadurch wird Raum f\u00fcr die eigene Interpretation und Wahrnehmung geschaffen. Wer m\u00f6chte, kann aber die Werktitel in einem Informationsblatt nachlesen und einen pers\u00f6nlichen \u201eAbgleich\u201c vornehmen.<\/p>\n\n\n\n<p><strong>Er\u00f6ffnung: Mittwoch, 11. M\u00e4rz 2026, 19:00 Uhr<\/strong><\/p>\n\n\n\n<p><strong>Begr\u00fc\u00dfung<\/strong><\/p>\n\n\n\n<p>Mag. Gregor-Anatol Bockstefl, Museumsleiter<\/p>\n\n\n\n<p>Mag. Sofie Fischer, N\u00d6DOK \u01c0 ON TOUR<\/p>\n\n\n\n<p>Mag. Andreas Arbesser, B\u00fcrgermeister der Marktgemeinde Langenzersdorf<\/p>\n\n\n\n<p><strong>Einf\u00fchrende Worte<\/strong><\/p>\n\n\n\n<p>Judith P. Fischer, Kuratorin der Ausstellung<\/p>\n\n\n\n<p><strong>Er\u00f6ffnung<\/strong><\/p>\n\n\n\n<p>Andreas Minnich, Abgeordneter zum Nationalrat in Vertretung von Landeshauptfrau Johanna Mikl-Leitner<\/p>\n\n\n\n<p><strong>Ausstellende K\u00fcnstler:innen<\/strong><\/p>\n\n\n\n<p>Belinda Cadbury, Alexandra Kontriner, Viktoria K\u00f6r\u00f6si, Duks Koschitz, Boris Odehnal, Miki Okamura, Robert Puczynski, Anneliese Schrenk, Robert Staudinger, Carlos Vergara, Jahan Saber Zaimian, Sascha Alexandra Zaitseva<\/p>\n\n\n\n<p><strong>Die Ausstellung ist bis 19. April 2026 zu besichtigen.<\/strong><\/p>\n","protected":false},"excerpt":{"rendered":"<p>11. M\u00e4rz bis 19. April 2026 \/ Die Ausstellung in Kooperation mit N\u00d6DOK \u01c0 ON TOUR geht anhand von Skulpturen, Objektkunst, Fotografie und Zeichnung der Frage nach, ob der\/die Ausstellungsbesucher\/in eines Titels bedarf, um den Inhalt oder die Botschaft eines Kunstwerkes zu erfassen. Manchmal kann der Titel den entscheidenden Impuls geben, um die optimale Stimmung [&hellip;]<\/p>\n","protected":false},"author":2,"featured_media":2419,"comment_status":"closed","ping_status":"open","sticky":false,"template":"","format":"standard","meta":{"footnotes":""},"categories":[1,5],"tags":[44,48],"_links":{"self":[{"href":"https:\/\/www.lemu.at\/index.php?rest_route=\/wp\/v2\/posts\/2418"}],"collection":[{"href":"https:\/\/www.lemu.at\/index.php?rest_route=\/wp\/v2\/posts"}],"about":[{"href":"https:\/\/www.lemu.at\/index.php?rest_route=\/wp\/v2\/types\/post"}],"author":[{"embeddable":true,"href":"https:\/\/www.lemu.at\/index.php?rest_route=\/wp\/v2\/users\/2"}],"replies":[{"embeddable":true,"href":"https:\/\/www.lemu.at\/index.php?rest_route=%2Fwp%2Fv2%2Fcomments&post=2418"}],"version-history":[{"count":7,"href":"https:\/\/www.lemu.at\/index.php?rest_route=\/wp\/v2\/posts\/2418\/revisions"}],"predecessor-version":[{"id":2503,"href":"https:\/\/www.lemu.at\/index.php?rest_route=\/wp\/v2\/posts\/2418\/revisions\/2503"}],"wp:featuredmedia":[{"embeddable":true,"href":"https:\/\/www.lemu.at\/index.php?rest_route=\/wp\/v2\/media\/2419"}],"wp:attachment":[{"href":"https:\/\/www.lemu.at\/index.php?rest_route=%2Fwp%2Fv2%2Fmedia&parent=2418"}],"wp:term":[{"taxonomy":"category","embeddable":true,"href":"https:\/\/www.lemu.at\/index.php?rest_route=%2Fwp%2Fv2%2Fcategories&post=2418"},{"taxonomy":"post_tag","embeddable":true,"href":"https:\/\/www.lemu.at\/index.php?rest_route=%2Fwp%2Fv2%2Ftags&post=2418"}],"curies":[{"name":"wp","href":"https:\/\/api.w.org\/{rel}","templated":true}]}}