{"id":2412,"date":"2026-02-02T22:27:45","date_gmt":"2026-02-02T22:27:45","guid":{"rendered":"https:\/\/www.lemu.at\/?p=2412"},"modified":"2026-02-02T22:28:38","modified_gmt":"2026-02-02T22:28:38","slug":"kunst-kaffeeplausch-im-museum-multidimensional-bildhauerinnen-verband-oesterreich","status":"publish","type":"post","link":"https:\/\/www.lemu.at\/?p=2412","title":{"rendered":"Kunst &amp; Kaffeeplausch im Museum: \u201emultidimensional\u201c \u2013 Bildhauer:innen Verband \u00d6sterreich"},"content":{"rendered":"\n<p><strong><strong>Donnerstag, 19. Februar 2026, 15:00 bis 17:00 Uhr<\/strong><\/strong> \/<\/p>\n\n\n\n<p><strong>Bildhauerei in Vergangenheit und Gegenwart<\/strong> \/<\/p>\n\n\n\n<p>Zum <strong>Abschluss der Ausstellung \u201emultidimensional\u201c des Bildhauer:innen Verbands \u00d6sterreich<\/strong> laden <strong>Museumsleiter Gregor-Anatol Bockstefl<\/strong> und <strong>Pr\u00e4sident Wolfgang Karnutsch<\/strong> zu einer <strong>F\u00fchrung mit ausstellenden Kunstschaffenden<\/strong>. Die Ausstellung versammelt bildhauerische Positionen der im Verband aktiven K\u00fcnstler:innen \u2013 vielf\u00e4ltig in Material, Form und Ausdruck. Die Ausstellung spiegelt nicht nur zeitgen\u00f6ssische Tendenzen der Skulptur wider, sondern w\u00fcrdigt auch die Geschichte des Verbands: Mit einem Blick auf fr\u00fchere Mitglieder \u2013 wie die in der LEMU-Sammlung vertretenen K\u00fcnstler <strong>Gottfried Buchberger<\/strong>, <strong>Anton Hanak<\/strong> oder <strong>Fritz Wotruba<\/strong> \u2013 wird die Entwicklung der \u00f6sterreichischen Bildhauerei in ihrer Vielschichtigkeit sichtbar gemacht. Ein <strong>gem\u00fctlicher Ausklang mit Kaffee &amp; Kuchen <\/strong>bietet Gelegenheit zum Austausch \u00fcber die gesammelten Eindr\u00fccke.<\/p>\n\n\n\n<p><strong>Ausstellende Bildhauer:innen<\/strong><\/p>\n\n\n\n<p><strong>Aktive: <\/strong>Peter Berger, Ferdinand Doblhammer, Destan Gashi, Iris von Huene, Gea Kalkhof, Wolfgang Karnutsch, Daniel Milanovic, G\u00fcnther Prokop, Giovanni Rindler, Verena Tscherner, Michael Sch\u00fctzenberger, Reinhard Winter, Klaus Wedenig<\/p>\n\n\n\n<p><strong>Ehemalige: <\/strong>Franz Barwig d. J\u00fcngere, Gottfried Buchberger, Franz Coufal, Anton Hanak, Karl Novak, Heinz Satzinger, Adolf Treberer-Treberspurg, Fritz Wotruba<\/p>\n\n\n\n<p><strong>Um Zusage unter E-Mail <em>office@lemu.at<\/em><u>,<\/u> Tel. 02244 3718 (bitte auf den Anrufbeantworter sprechen!) wird ersucht.<\/strong><\/p>\n","protected":false},"excerpt":{"rendered":"<p>Donnerstag, 19. Februar 2026, 15:00 bis 17:00 Uhr \/ Bildhauerei in Vergangenheit und Gegenwart \/ Zum Abschluss der Ausstellung \u201emultidimensional\u201c des Bildhauer:innen Verbands \u00d6sterreich laden Museumsleiter Gregor-Anatol Bockstefl und Pr\u00e4sident Wolfgang Karnutsch zu einer F\u00fchrung mit ausstellenden Kunstschaffenden. Die Ausstellung versammelt bildhauerische Positionen der im Verband aktiven K\u00fcnstler:innen \u2013 vielf\u00e4ltig in Material, Form und Ausdruck. [&hellip;]<\/p>\n","protected":false},"author":2,"featured_media":2414,"comment_status":"closed","ping_status":"open","sticky":false,"template":"","format":"standard","meta":{"footnotes":""},"categories":[5],"tags":[27,44,58,57,34],"_links":{"self":[{"href":"https:\/\/www.lemu.at\/index.php?rest_route=\/wp\/v2\/posts\/2412"}],"collection":[{"href":"https:\/\/www.lemu.at\/index.php?rest_route=\/wp\/v2\/posts"}],"about":[{"href":"https:\/\/www.lemu.at\/index.php?rest_route=\/wp\/v2\/types\/post"}],"author":[{"embeddable":true,"href":"https:\/\/www.lemu.at\/index.php?rest_route=\/wp\/v2\/users\/2"}],"replies":[{"embeddable":true,"href":"https:\/\/www.lemu.at\/index.php?rest_route=%2Fwp%2Fv2%2Fcomments&post=2412"}],"version-history":[{"count":2,"href":"https:\/\/www.lemu.at\/index.php?rest_route=\/wp\/v2\/posts\/2412\/revisions"}],"predecessor-version":[{"id":2416,"href":"https:\/\/www.lemu.at\/index.php?rest_route=\/wp\/v2\/posts\/2412\/revisions\/2416"}],"wp:featuredmedia":[{"embeddable":true,"href":"https:\/\/www.lemu.at\/index.php?rest_route=\/wp\/v2\/media\/2414"}],"wp:attachment":[{"href":"https:\/\/www.lemu.at\/index.php?rest_route=%2Fwp%2Fv2%2Fmedia&parent=2412"}],"wp:term":[{"taxonomy":"category","embeddable":true,"href":"https:\/\/www.lemu.at\/index.php?rest_route=%2Fwp%2Fv2%2Fcategories&post=2412"},{"taxonomy":"post_tag","embeddable":true,"href":"https:\/\/www.lemu.at\/index.php?rest_route=%2Fwp%2Fv2%2Ftags&post=2412"}],"curies":[{"name":"wp","href":"https:\/\/api.w.org\/{rel}","templated":true}]}}