{"id":2385,"date":"2025-12-09T10:17:15","date_gmt":"2025-12-09T10:17:15","guid":{"rendered":"https:\/\/www.lemu.at\/?p=2385"},"modified":"2025-12-09T10:17:15","modified_gmt":"2025-12-09T10:17:15","slug":"ur-faust-ure-goethe","status":"publish","type":"post","link":"https:\/\/www.lemu.at\/?p=2385","title":{"rendered":"UR FAUST. URE GOETHE."},"content":{"rendered":"\n<p><strong>Eine Produktion des Kulturvereins ergo arte<\/strong> \/<\/p>\n\n\n\n<p><strong>Sonntag, 18. J\u00e4nner 2026, 18:30 Uhr \/ Einlass 17:30 Uhr<\/strong> \/<\/p>\n\n\n\n<p>Mit seiner 10. Produktion ist der <strong>Kulturverein ergo arte<\/strong> mit <strong>Max Mayerhofer,<\/strong> <strong>David Czifer,<\/strong> <strong>Mara Koppitsch<\/strong> und <strong>Laura Odendorfer<\/strong> zum ersten Mal in Langenzersdorf zu Gast und widmet sich <strong>Goethes \u201eUrfaust\u201c<\/strong>. In der Regie und Textfassung von <strong>Peter Pausz<\/strong> entstauben die Schauspieler:innen Fausts Studierzimmer und lassen einen modernen Menschen auferstehen: Auf der Suche nach Geist, Sinnlichkeit und Rausch, schlie\u00dft er einen Pakt, mit Mephisto dem Teufel. Kann dieser ihm alles geben? F\u00fchrt Wissen allein zum Gl\u00fcck? Ist der Mensch mehr als ein allwissender Chatbot? Wird der Pakt mit dem Teufel ihn schlie\u00dflich in den Himmel oder in die H\u00f6lle f\u00fchren, wird er gerichtet oder kann er durch die Liebe gerettet werden? Zur Entstehungszeit des Werkes befanden wir uns am Beginn der industriellen Revolution, heute befinden wir uns am Beginn der KI-Revolution. Die k\u00fcnstliche Intelligenz verspricht uns Menschen auch alles Wissen der Welt und genauso wie Faust stecken wir in einem Dilemma. Uns locken die himmlischen Vorteile, gleichzeitig beunruhigen uns die teuflischen Nachteile. K\u00f6nnte uns die k\u00fcnstliche Intelligenz auf unserem stetigen Weg zur Selbstoptimierung buchst\u00e4blich \u00fcber den Kopf wachsen? Auf uns kommt es an! Freuen Sie sich auf einen spannenden Theaterabend!<\/p>\n\n\n\n<p><strong>Karten:<\/strong><\/p>\n\n\n\n<p><strong>\u20ac 22,- Vorreservierung \/ \u20ac 19,- f\u00fcr Mitglieder des Museumsvereins Langenzersdorf\/Sch\u00fcler:innen\/Jugendliche\/Student:innen \/ \u20ac 24,- Abendkassa<\/strong><\/p>\n\n\n\n<p><strong>Reservierungen unter <em>gemeinde@langenzersdorf.gv.at<\/em>, Tel. 02244 2308, Bezahlung an der Abendkassa<\/strong><\/p>\n","protected":false},"excerpt":{"rendered":"<p>Eine Produktion des Kulturvereins ergo arte \/ Sonntag, 18. J\u00e4nner 2026, 18:30 Uhr \/ Einlass 17:30 Uhr \/ Mit seiner 10. Produktion ist der Kulturverein ergo arte mit Max Mayerhofer, David Czifer, Mara Koppitsch und Laura Odendorfer zum ersten Mal in Langenzersdorf zu Gast und widmet sich Goethes \u201eUrfaust\u201c. In der Regie und Textfassung von [&hellip;]<\/p>\n","protected":false},"author":2,"featured_media":2386,"comment_status":"closed","ping_status":"open","sticky":false,"template":"","format":"standard","meta":{"footnotes":""},"categories":[5],"tags":[13],"_links":{"self":[{"href":"https:\/\/www.lemu.at\/index.php?rest_route=\/wp\/v2\/posts\/2385"}],"collection":[{"href":"https:\/\/www.lemu.at\/index.php?rest_route=\/wp\/v2\/posts"}],"about":[{"href":"https:\/\/www.lemu.at\/index.php?rest_route=\/wp\/v2\/types\/post"}],"author":[{"embeddable":true,"href":"https:\/\/www.lemu.at\/index.php?rest_route=\/wp\/v2\/users\/2"}],"replies":[{"embeddable":true,"href":"https:\/\/www.lemu.at\/index.php?rest_route=%2Fwp%2Fv2%2Fcomments&post=2385"}],"version-history":[{"count":1,"href":"https:\/\/www.lemu.at\/index.php?rest_route=\/wp\/v2\/posts\/2385\/revisions"}],"predecessor-version":[{"id":2387,"href":"https:\/\/www.lemu.at\/index.php?rest_route=\/wp\/v2\/posts\/2385\/revisions\/2387"}],"wp:featuredmedia":[{"embeddable":true,"href":"https:\/\/www.lemu.at\/index.php?rest_route=\/wp\/v2\/media\/2386"}],"wp:attachment":[{"href":"https:\/\/www.lemu.at\/index.php?rest_route=%2Fwp%2Fv2%2Fmedia&parent=2385"}],"wp:term":[{"taxonomy":"category","embeddable":true,"href":"https:\/\/www.lemu.at\/index.php?rest_route=%2Fwp%2Fv2%2Fcategories&post=2385"},{"taxonomy":"post_tag","embeddable":true,"href":"https:\/\/www.lemu.at\/index.php?rest_route=%2Fwp%2Fv2%2Ftags&post=2385"}],"curies":[{"name":"wp","href":"https:\/\/api.w.org\/{rel}","templated":true}]}}