{"id":2339,"date":"2025-10-13T08:35:48","date_gmt":"2025-10-13T08:35:48","guid":{"rendered":"https:\/\/www.lemu.at\/?p=2339"},"modified":"2026-02-26T12:16:14","modified_gmt":"2026-02-26T12:16:14","slug":"multidimensional-bildhauerinnen-verband-oesterreich","status":"publish","type":"post","link":"https:\/\/www.lemu.at\/?p=2339","title":{"rendered":"Ausstellung: \u201emultidimensional\u201c \u2013 Bildhauer:innen Verband \u00d6sterreich"},"content":{"rendered":"\n<p class=\"wp-block-paragraph\"><strong>NUR NOCH bis 22. Februar 2026  \/<\/strong><\/p>\n\n\n\n<p class=\"wp-block-paragraph\">Die Ausstellung versammelt bildhauerische Positionen der im Verband aktiven K\u00fcnstler:innen \u2013 vielf\u00e4ltig in Material, Form und Ausdruck. Sie spiegelt nicht nur zeitgen\u00f6ssische Tendenzen der Skulptur wider, sondern w\u00fcrdigt auch die Geschichte des Ver\u00adbands: Mit einem Blick auf fr\u00fchere Mitglieder \u2013 wie die in der LEMU-Sammlung vertretenen K\u00fcnstler <strong>Gottfried Buchberger<\/strong>, <strong>Anton Hanak<\/strong> oder <strong>Fritz Wotruba<\/strong> \u2013 wird die Entwicklung der \u00f6s\u00adter\u00adreichischen Bildhauerei in ihrer Vielschichtigkeit sichtbar ge\u00admacht.<\/p>\n\n\n\n<p class=\"wp-block-paragraph\"><strong>Ausstellungser\u00f6ffnung: Mittwoch, 5. November 2025, 19:00 Uhr<\/strong><\/p>\n\n\n\n<p class=\"wp-block-paragraph\"><strong>Begr\u00fc\u00dfung<\/strong><\/p>\n\n\n\n<p class=\"wp-block-paragraph\">Mag. Gregor-Anatol Bockstefl, Museumsleiter<\/p>\n\n\n\n<p class=\"wp-block-paragraph\"><strong>Einf\u00fchrung<\/strong><\/p>\n\n\n\n<p class=\"wp-block-paragraph\">Wolfgang Karnutsch, Pr\u00e4sident Bildhauer:innen Verband \u00d6sterreich<\/p>\n\n\n\n<p class=\"wp-block-paragraph\"><strong>Er\u00f6ffnung<\/strong><\/p>\n\n\n\n<p class=\"wp-block-paragraph\">Mag. Andreas Arbesser, B\u00fcrgermeister der Marktgemeinde Langenzersdorf<\/p>\n\n\n\n<p class=\"wp-block-paragraph\"><strong>Musikalische Sounderlebnisse<\/strong><\/p>\n\n\n\n<p class=\"wp-block-paragraph\">Ferdinand Doblhammer<\/p>\n\n\n\n<p class=\"wp-block-paragraph\"><strong>Ausstellende Bildhauer:innen<\/strong><\/p>\n\n\n\n<p class=\"wp-block-paragraph\"><strong>Aktive: <\/strong>Peter Berger, Ferdinand Doblhammer, Destan Gashi, Iris von Huene, Gea Kalkhof, Wolfgang Karnutsch, Daniel Milanovic, G\u00fcnther Prokop, Giovanni Rindler, Verena Tscherner, Michael Sch\u00fctzenberger, Reinhard Winter, Klaus Wedenig<\/p>\n\n\n\n<p class=\"wp-block-paragraph\"><strong>Ehemalige: <\/strong>Franz Barwig d. J\u00fcngere, Gottfried Buchberger, Franz Coufal, Anton Hanak, Karl Novak, Heinz Satzinger, Adolf Treberer-Treberspurg, Fritz Wotruba<\/p>\n\n\n\n<p class=\"wp-block-paragraph\"><strong>Die Ausstellung ist bis 22. Februar 2026 zu besichtigen <\/strong><strong>(Weihnachts\u00adpause von 15. Dezember 2025 bis 16. J\u00e4nner 2026).<\/strong><\/p>\n\n\n\n<p class=\"wp-block-paragraph\"><\/p>\n","protected":false},"excerpt":{"rendered":"<p>NUR NOCH bis 22. Februar 2026 \/ Die Ausstellung versammelt bildhauerische Positionen der im Verband aktiven K\u00fcnstler:innen \u2013 vielf\u00e4ltig in Material, Form und Ausdruck. Sie spiegelt nicht nur zeitgen\u00f6ssische Tendenzen der Skulptur wider, sondern w\u00fcrdigt auch die Geschichte des Ver\u00adbands: Mit einem Blick auf fr\u00fchere Mitglieder \u2013 wie die in der LEMU-Sammlung vertretenen K\u00fcnstler Gottfried [&hellip;]<\/p>\n","protected":false},"author":2,"featured_media":2340,"comment_status":"closed","ping_status":"closed","sticky":false,"template":"","format":"standard","meta":{"ocean_front_end_style_editor":"no","ocean_post_layout":"","ocean_both_sidebars_style":"","ocean_both_sidebars_content_width":0,"ocean_both_sidebars_sidebars_width":0,"ocean_sidebar":"","ocean_second_sidebar":"","ocean_disable_margins":"enable","ocean_add_body_class":"","ocean_shortcode_before_top_bar":"","ocean_shortcode_after_top_bar":"","ocean_shortcode_before_header":"","ocean_shortcode_after_header":"","ocean_has_shortcode":"","ocean_shortcode_after_title":"","ocean_shortcode_before_footer_widgets":"","ocean_shortcode_after_footer_widgets":"","ocean_shortcode_before_footer_bottom":"","ocean_shortcode_after_footer_bottom":"","ocean_display_top_bar":"default","ocean_display_header":"default","ocean_header_style":"","ocean_center_header_left_menu":"","ocean_custom_header_template":"","ocean_custom_logo":0,"ocean_custom_retina_logo":0,"ocean_custom_logo_max_width":0,"ocean_custom_logo_tablet_max_width":0,"ocean_custom_logo_mobile_max_width":0,"ocean_custom_logo_max_height":0,"ocean_custom_logo_tablet_max_height":0,"ocean_custom_logo_mobile_max_height":0,"ocean_header_custom_menu":"","ocean_menu_typo_font_family":"","ocean_menu_typo_font_subset":"","ocean_menu_typo_font_size":0,"ocean_menu_typo_font_size_tablet":0,"ocean_menu_typo_font_size_mobile":0,"ocean_menu_typo_font_size_unit":"px","ocean_menu_typo_font_weight":"","ocean_menu_typo_font_weight_tablet":"","ocean_menu_typo_font_weight_mobile":"","ocean_menu_typo_transform":"","ocean_menu_typo_transform_tablet":"","ocean_menu_typo_transform_mobile":"","ocean_menu_typo_line_height":0,"ocean_menu_typo_line_height_tablet":0,"ocean_menu_typo_line_height_mobile":0,"ocean_menu_typo_line_height_unit":"","ocean_menu_typo_spacing":0,"ocean_menu_typo_spacing_tablet":0,"ocean_menu_typo_spacing_mobile":0,"ocean_menu_typo_spacing_unit":"","ocean_menu_link_color":"","ocean_menu_link_color_hover":"","ocean_menu_link_color_active":"","ocean_menu_link_background":"","ocean_menu_link_hover_background":"","ocean_menu_link_active_background":"","ocean_menu_social_links_bg":"","ocean_menu_social_hover_links_bg":"","ocean_menu_social_links_color":"","ocean_menu_social_hover_links_color":"","ocean_disable_title":"default","ocean_disable_heading":"default","ocean_post_title":"","ocean_post_subheading":"","ocean_post_title_style":"","ocean_post_title_background_color":"","ocean_post_title_background":0,"ocean_post_title_bg_image_position":"","ocean_post_title_bg_image_attachment":"","ocean_post_title_bg_image_repeat":"","ocean_post_title_bg_image_size":"","ocean_post_title_height":0,"ocean_post_title_bg_overlay":0.5,"ocean_post_title_bg_overlay_color":"","ocean_disable_breadcrumbs":"default","ocean_breadcrumbs_color":"","ocean_breadcrumbs_separator_color":"","ocean_breadcrumbs_links_color":"","ocean_breadcrumbs_links_hover_color":"","ocean_display_footer_widgets":"default","ocean_display_footer_bottom":"default","ocean_custom_footer_template":"","ocean_post_oembed":"","ocean_post_self_hosted_media":"","ocean_post_video_embed":"","ocean_link_format":"","ocean_link_format_target":"self","ocean_quote_format":"","ocean_quote_format_link":"post","ocean_gallery_link_images":"on","ocean_gallery_id":[],"footnotes":""},"categories":[5],"tags":[27,58,57,33],"class_list":["post-2339","post","type-post","status-publish","format-standard","has-post-thumbnail","hentry","category-veranstaltungen","tag-anton-hanak","tag-fritz-wotruba","tag-gottfried-buchberger","tag-siegfried-charoux","entry","has-media"],"_links":{"self":[{"href":"https:\/\/www.lemu.at\/index.php?rest_route=\/wp\/v2\/posts\/2339","targetHints":{"allow":["GET"]}}],"collection":[{"href":"https:\/\/www.lemu.at\/index.php?rest_route=\/wp\/v2\/posts"}],"about":[{"href":"https:\/\/www.lemu.at\/index.php?rest_route=\/wp\/v2\/types\/post"}],"author":[{"embeddable":true,"href":"https:\/\/www.lemu.at\/index.php?rest_route=\/wp\/v2\/users\/2"}],"replies":[{"embeddable":true,"href":"https:\/\/www.lemu.at\/index.php?rest_route=%2Fwp%2Fv2%2Fcomments&post=2339"}],"version-history":[{"count":6,"href":"https:\/\/www.lemu.at\/index.php?rest_route=\/wp\/v2\/posts\/2339\/revisions"}],"predecessor-version":[{"id":2436,"href":"https:\/\/www.lemu.at\/index.php?rest_route=\/wp\/v2\/posts\/2339\/revisions\/2436"}],"wp:featuredmedia":[{"embeddable":true,"href":"https:\/\/www.lemu.at\/index.php?rest_route=\/wp\/v2\/media\/2340"}],"wp:attachment":[{"href":"https:\/\/www.lemu.at\/index.php?rest_route=%2Fwp%2Fv2%2Fmedia&parent=2339"}],"wp:term":[{"taxonomy":"category","embeddable":true,"href":"https:\/\/www.lemu.at\/index.php?rest_route=%2Fwp%2Fv2%2Fcategories&post=2339"},{"taxonomy":"post_tag","embeddable":true,"href":"https:\/\/www.lemu.at\/index.php?rest_route=%2Fwp%2Fv2%2Ftags&post=2339"}],"curies":[{"name":"wp","href":"https:\/\/api.w.org\/{rel}","templated":true}]}}