{"id":2208,"date":"2025-03-25T15:01:17","date_gmt":"2025-03-25T15:01:17","guid":{"rendered":"https:\/\/www.lemu.at\/?p=2208"},"modified":"2025-05-09T06:00:15","modified_gmt":"2025-05-09T06:00:15","slug":"grosser-erfolg-fuer-die-veranstaltung-150-jahre-anton-hanak-am-22-03-2025","status":"publish","type":"post","link":"https:\/\/www.lemu.at\/?p=2208","title":{"rendered":"Gro\u00dfer Erfolg f\u00fcr die Veranstaltung \u201e150 Jahre Anton Hanak\u201c am 22.03.2025"},"content":{"rendered":"\n<p><strong>\u201eWelcome to the House of Hanak\u201c<\/strong> hie\u00df es am <strong>Samstag, 22. M\u00e4rz 2025<\/strong>, <strong>Anton Hanaks 150. Geburtstag<\/strong>, im LEMU. Viele Besucher:innen und K\u00fcnstler:innen folgten der Einladung des LEMU-Teams. In Anwesenheit von <strong>Abgeordnetem zum N\u00d6 Landtag Christian Gepp in Vertretung von Landeshauptfrau Johanna Mikl-Leitner<\/strong> und <strong>Mag. Andreas Arbesser, B\u00fcrgermeister der Marktgemeinde Langenzersdorf<\/strong>, erinnerte <strong>Museumsleiter Mag. Gregor-Anatol Bockstefl<\/strong> an die Bedeutung Anton Hanaks als wichtigster \u00f6sterreichischer Bildhauer seiner Zeit und Lehrer von mehr als 150 Sch\u00fclern und Sch\u00fclerinnen sowie an die Genese der Gedenkst\u00e4tte f\u00fcr Anton Hanak in Langenzersdorf, heute LANGENZERSDORF MUSEUM (kurz \u201eLEMU\u201c).<\/p>\n\n\n\n<p>Das LEMU-Team bedankte sich bei den zahlreich erschienenen langj\u00e4hrigen Freunden und Weggef\u00e4hrten des Museums mit einem Gruppenfoto. Im Laufe des Tages durfte das Museum 123 G\u00e4ste begr\u00fc\u00dfen. Gro\u00dfen Anklang fand das Kulturvermittlungsangebot mit F\u00fchrungen f\u00fcr Kinder und Erwachsene.<\/p>\n\n\n\n<p>Die erfolgreiche <strong>Ausstellung \u201eBella Figura \u2013 Skulptur, Malerei und Grafik aus der LEMU-Sammlung (mit Werken von Nicole Malbec)\u201c <\/strong>wurde f\u00fcr das Jubil\u00e4um <strong>verl\u00e4ngert<\/strong> und um einen <strong>Hanak-Schwerpunkt<\/strong> <strong>(\u201eHanak pers\u00f6nlich\u201c)<\/strong> erweitert. Mit Fotos und Dokumenten aus dem <strong>Hanak-Archiv<\/strong> des Museums gibt sie auch Einblick in das private Leben des K\u00fcnstlers. Die <strong>Ausstellung \u201eBella Figura\u201c<\/strong> ist noch <strong>bis 27. April 2025<\/strong> zu besichtigen.<\/p>\n\n\n\n<p>Am gleichen Nachmittag \u00fcbergab <strong>Renate Kolfelner<\/strong>, ehemalige langj\u00e4hrige Gemeinder\u00e4tin und kommunale Klimaschutzbeauftragte in Langenzersdorf sowie Mitbegr\u00fcnderin der \u201eWeana Bleamerln\u201c, dem Museumsverein Langenzersdorf zwei alte Ansichten von Langenzersdorf aus den 1960er-Jahren von <strong>Dr. Josef Wei\u00dfenb\u00f6ck<\/strong> f\u00fcr die Museumssammlung.<\/p>\n\n\n\n<p><strong>Tipp:<\/strong><\/p>\n\n\n\n<p><strong>Am Mittwoch, 16. April 2025, 15:00 Uhr findet eine weitere Ausgabe unserer beliebten Reihe \u201eKunst &amp; Kaffeeplausch\u201c zum Thema \u201eHanak pers\u00f6nlich\u201c mit einem exklusiven Einblick in das Hanak-Archiv statt. Um Zusage unter Tel. 02244 3718, E-Mail <em><a href=\"mailto:office@lemu.at\">office@lemu.at<\/a><\/em> wird gebeten.<\/strong><\/p>\n","protected":false},"excerpt":{"rendered":"<p>\u201eWelcome to the House of Hanak\u201c hie\u00df es am Samstag, 22. M\u00e4rz 2025, Anton Hanaks 150. Geburtstag, im LEMU. Viele Besucher:innen und K\u00fcnstler:innen folgten der Einladung des LEMU-Teams. In Anwesenheit von Abgeordnetem zum N\u00d6 Landtag Christian Gepp in Vertretung von Landeshauptfrau Johanna Mikl-Leitner und Mag. Andreas Arbesser, B\u00fcrgermeister der Marktgemeinde Langenzersdorf, erinnerte Museumsleiter Mag. Gregor-Anatol [&hellip;]<\/p>\n","protected":false},"author":2,"featured_media":2209,"comment_status":"closed","ping_status":"open","sticky":false,"template":"","format":"standard","meta":{"footnotes":""},"categories":[4],"tags":[27,29,40],"_links":{"self":[{"href":"https:\/\/www.lemu.at\/index.php?rest_route=\/wp\/v2\/posts\/2208"}],"collection":[{"href":"https:\/\/www.lemu.at\/index.php?rest_route=\/wp\/v2\/posts"}],"about":[{"href":"https:\/\/www.lemu.at\/index.php?rest_route=\/wp\/v2\/types\/post"}],"author":[{"embeddable":true,"href":"https:\/\/www.lemu.at\/index.php?rest_route=\/wp\/v2\/users\/2"}],"replies":[{"embeddable":true,"href":"https:\/\/www.lemu.at\/index.php?rest_route=%2Fwp%2Fv2%2Fcomments&post=2208"}],"version-history":[{"count":2,"href":"https:\/\/www.lemu.at\/index.php?rest_route=\/wp\/v2\/posts\/2208\/revisions"}],"predecessor-version":[{"id":2218,"href":"https:\/\/www.lemu.at\/index.php?rest_route=\/wp\/v2\/posts\/2208\/revisions\/2218"}],"wp:featuredmedia":[{"embeddable":true,"href":"https:\/\/www.lemu.at\/index.php?rest_route=\/wp\/v2\/media\/2209"}],"wp:attachment":[{"href":"https:\/\/www.lemu.at\/index.php?rest_route=%2Fwp%2Fv2%2Fmedia&parent=2208"}],"wp:term":[{"taxonomy":"category","embeddable":true,"href":"https:\/\/www.lemu.at\/index.php?rest_route=%2Fwp%2Fv2%2Fcategories&post=2208"},{"taxonomy":"post_tag","embeddable":true,"href":"https:\/\/www.lemu.at\/index.php?rest_route=%2Fwp%2Fv2%2Ftags&post=2208"}],"curies":[{"name":"wp","href":"https:\/\/api.w.org\/{rel}","templated":true}]}}