{"id":1962,"date":"2024-08-30T08:44:03","date_gmt":"2024-08-30T08:44:03","guid":{"rendered":"https:\/\/www.lemu.at\/?p=1962"},"modified":"2024-09-15T15:37:05","modified_gmt":"2024-09-15T15:37:05","slug":"bertha-von-suttner-szenische-lesung-mit-michaela-ehrenstein-und-bela-fischer","status":"publish","type":"post","link":"https:\/\/www.lemu.at\/?p=1962","title":{"rendered":"ABGESAGT: Bertha von Suttner \/ Szenische Lesung \/ Mit Michaela Ehrenstein und B\u00e9la Fischer"},"content":{"rendered":"\n<p><strong>VERSCHOBEN AUF J\u00c4NNER 2025<\/strong> \/<\/p>\n\n\n\n<p><strong>Sonntag, 15. September 2024, 18:30 Uhr \/ Einlass 17:30 Uhr<\/strong> \/ <\/p>\n\n\n\n<p>Anl\u00e4sslich ihres 110. Todestages w\u00fcrdigt die Schauspielerin und Intendantin der Freien B\u00fchne Wieden <strong>Michaela Ehrenstein<\/strong> die gro\u00dfe \u00d6sterreicherin <strong>Bertha von Suttner<\/strong>, Pionierin der Friedensbewegung, die unerm\u00fcdlich f\u00fcr den Frieden arbeitete und Alfred Nobel zur Stiftung des Friedensnobelpreises anregte. Diesen sollte sie schlie\u00dflich Jahre sp\u00e4ter als erste Frau selbst erhalten. Ihr Werk \u201e<strong>Die Waffen nieder!\u201c<\/strong> wurde in 15 Sprachen \u00fcbersetzt. Die szenische Lesung schildert das auch privat bewegte Leben der geborenen Gr\u00e4fin Kinsky auf dem Weg zum Friedensnobelpreis. Mit <strong>B\u00e9la Fischer<\/strong> am Klavier.<\/p>\n\n\n\n<p><strong>Michaela Ehrenstein schrieb neben dem Theaterst\u00fcck \u201eIch will \u2013 Das Leben der Bertha von Suttner&#8220; gemeinsam mit B\u00e9la Fischer das Musical \u201eBertha von Suttner\u201c<\/strong>, das mit Musicalstar Maya Hakvoort in der Titelrolle 2016 erstmals zur Auff\u00fchrung gebracht wurde.<\/p>\n\n\n\n<p>Der Bildhauer <strong>Siegfried Charoux<\/strong>, dessen k\u00fcnstlerischer Nachlass sich im LANGENZERSDORF MUSEUM befindet, erhielt \u00fcbrigens in den 1950er-Jahren von der Stadt Wien den Auftrag, ein <strong>Bertha von Suttner-Denkmal <\/strong>zu schaffen. Das Denkmal mit dem Titel <strong>\u201eDie Waffen nieder!\u201c<\/strong> (nach Bertha von Suttners ber\u00fchmtestem Buch) steht seit 1959 auf der Favoritenstra\u00dfe gegen\u00fcber dem Theresianum.<\/p>\n\n\n\n<p><strong>Karten<\/strong>: <strong>\u20ac 24,- Abendkassa \/ \u20ac 22,- Vorreservierung \/ \u20ac 19,- f\u00fcr Mitglieder des Museumsvereins Langenzersdorf, N\u00d6-CARD-Besitzer:innen\/Sch\u00fcler:innen\/Jugendliche\/Student:innen<\/strong>; <strong>Reservierungen unter <em>gemeinde@langenzersdorf.gv.at<\/em>, Tel. 02244 2308, Bezahlung an der Abendkassa<\/strong><\/p>\n","protected":false},"excerpt":{"rendered":"<p>VERSCHOBEN AUF J\u00c4NNER 2025 \/ Sonntag, 15. September 2024, 18:30 Uhr \/ Einlass 17:30 Uhr \/ Anl\u00e4sslich ihres 110. Todestages w\u00fcrdigt die Schauspielerin und Intendantin der Freien B\u00fchne Wieden Michaela Ehrenstein die gro\u00dfe \u00d6sterreicherin Bertha von Suttner, Pionierin der Friedensbewegung, die unerm\u00fcdlich f\u00fcr den Frieden arbeitete und Alfred Nobel zur Stiftung des Friedensnobelpreises anregte. Diesen [&hellip;]<\/p>\n","protected":false},"author":2,"featured_media":1963,"comment_status":"closed","ping_status":"open","sticky":false,"template":"","format":"standard","meta":{"footnotes":""},"categories":[5],"tags":[],"_links":{"self":[{"href":"https:\/\/www.lemu.at\/index.php?rest_route=\/wp\/v2\/posts\/1962"}],"collection":[{"href":"https:\/\/www.lemu.at\/index.php?rest_route=\/wp\/v2\/posts"}],"about":[{"href":"https:\/\/www.lemu.at\/index.php?rest_route=\/wp\/v2\/types\/post"}],"author":[{"embeddable":true,"href":"https:\/\/www.lemu.at\/index.php?rest_route=\/wp\/v2\/users\/2"}],"replies":[{"embeddable":true,"href":"https:\/\/www.lemu.at\/index.php?rest_route=%2Fwp%2Fv2%2Fcomments&post=1962"}],"version-history":[{"count":5,"href":"https:\/\/www.lemu.at\/index.php?rest_route=\/wp\/v2\/posts\/1962\/revisions"}],"predecessor-version":[{"id":2042,"href":"https:\/\/www.lemu.at\/index.php?rest_route=\/wp\/v2\/posts\/1962\/revisions\/2042"}],"wp:featuredmedia":[{"embeddable":true,"href":"https:\/\/www.lemu.at\/index.php?rest_route=\/wp\/v2\/media\/1963"}],"wp:attachment":[{"href":"https:\/\/www.lemu.at\/index.php?rest_route=%2Fwp%2Fv2%2Fmedia&parent=1962"}],"wp:term":[{"taxonomy":"category","embeddable":true,"href":"https:\/\/www.lemu.at\/index.php?rest_route=%2Fwp%2Fv2%2Fcategories&post=1962"},{"taxonomy":"post_tag","embeddable":true,"href":"https:\/\/www.lemu.at\/index.php?rest_route=%2Fwp%2Fv2%2Ftags&post=1962"}],"curies":[{"name":"wp","href":"https:\/\/api.w.org\/{rel}","templated":true}]}}